{"id":4173,"date":"2022-12-13T12:35:46","date_gmt":"2022-12-13T12:35:46","guid":{"rendered":"https:\/\/hotelarreyalella.com\/tradiciones-catalanas-de-navidad-que-no-puedes-perderte\/"},"modified":"2022-12-13T12:50:21","modified_gmt":"2022-12-13T12:50:21","slug":"tradicions-catalanes-de-nadal-que-no-pots-perdret","status":"publish","type":"post","link":"https:\/\/hotelarreyalella.com\/ca\/tradicions-catalanes-de-nadal-que-no-pots-perdret\/","title":{"rendered":"Tradicions catalanes de Nadal que no pots perdre&#8217;t"},"content":{"rendered":"<p>Cada regi\u00f3 o pa\u00eds t\u00e9 els seus costums que ho fan diferent, especial i \u00fanic.<\/p>\n<p><strong>Nadal<\/strong>, malgrat tenir un fort aspecte religi\u00f3s, es comparteixen moltes tradicions a diferents pa\u00efsos del m\u00f3n. La manera de celebrar-ho o com ha anat progressant al llarg dels anys, fa que siguin diferents. I, a Catalunya, el <strong>Nadal<\/strong> \u00e9s una \u00e8poca amb tradicions molt curioses i divertides per celebrar amb la fam\u00edlia i els amics.<\/p>\n<p><em>A veure quines s\u00f3n les tradicions catalanes per Nadal que no et pots perdre!<\/em><\/p>\n<ol>\n<li><strong>Pessebres vivents<\/strong><\/li>\n<\/ol>\n<p>Solen instal\u00b7lar-se als llocs m\u00e9s representatius de les ciutats i s\u00ed, tamb\u00e9 inclouen un Caganer. Tots ens preguntem com no es moren de fred o avorriment. La <strong>m\u00e0gia de Nadal<\/strong>, suposem.<\/p>\n<p><img decoding=\"async\" loading=\"lazy\" class=\"wp-image-4132 aligncenter\" src=\"https:\/\/hotelarreyalella.com\/wp-content\/uploads\/2022\/12\/pessebre-vivent-tradicio-catalana-300x200.jpg\" alt=\"\" width=\"433\" height=\"288\" srcset=\"https:\/\/hotelarreyalella.com\/wp-content\/uploads\/2022\/12\/pessebre-vivent-tradicio-catalana-300x200.jpg 300w, https:\/\/hotelarreyalella.com\/wp-content\/uploads\/2022\/12\/pessebre-vivent-tradicio-catalana-768x512.jpg 768w, https:\/\/hotelarreyalella.com\/wp-content\/uploads\/2022\/12\/pessebre-vivent-tradicio-catalana-700x467.jpg 700w, https:\/\/hotelarreyalella.com\/wp-content\/uploads\/2022\/12\/pessebre-vivent-tradicio-catalana.jpg 960w\" sizes=\"(max-width: 433px) 100vw, 433px\" \/><\/p>\n<ol start=\"2\">\n<li><strong>Fires de Nadal<\/strong><\/li>\n<\/ol>\n<p>A la ciutat de Barcelona podeu trobar moltes fires dedicades a aquesta \u00e8poca de l&#8217;any. Una de les m\u00e9s populars i tradicional \u00e9s la Fira de Santa Ll\u00facia, ubicada a la Catedral de Barcelona.<\/p>\n<p>Podeu visitar la\u00a0<a href=\"https:\/\/www.firadesantallucia.cat\/\" target=\"_blank\" rel=\"noopener\"><strong>Fira de Santa Ll\u00facia<\/strong><\/a> del 25 de novembre al 23 de desembre (2022).<\/p>\n<p><img decoding=\"async\" loading=\"lazy\" class=\"wp-image-4136 aligncenter\" src=\"https:\/\/hotelarreyalella.com\/wp-content\/uploads\/2022\/12\/santa-llucia-barcelona-tradicio-hotel-arrey-300x200.jpg\" alt=\"\" width=\"439\" height=\"293\" srcset=\"https:\/\/hotelarreyalella.com\/wp-content\/uploads\/2022\/12\/santa-llucia-barcelona-tradicio-hotel-arrey-300x200.jpg 300w, https:\/\/hotelarreyalella.com\/wp-content\/uploads\/2022\/12\/santa-llucia-barcelona-tradicio-hotel-arrey-1024x683.jpg 1024w, https:\/\/hotelarreyalella.com\/wp-content\/uploads\/2022\/12\/santa-llucia-barcelona-tradicio-hotel-arrey-768x512.jpg 768w, https:\/\/hotelarreyalella.com\/wp-content\/uploads\/2022\/12\/santa-llucia-barcelona-tradicio-hotel-arrey-700x467.jpg 700w, https:\/\/hotelarreyalella.com\/wp-content\/uploads\/2022\/12\/santa-llucia-barcelona-tradicio-hotel-arrey.jpg 1200w\" sizes=\"(max-width: 439px) 100vw, 439px\" \/><\/p>\n<ol start=\"3\">\n<li><strong>Ti\u00f3 de Nadal<\/strong><\/li>\n<\/ol>\n<p>\u00c9s un tronc m\u00e0gic que, pocs dies abans de la nit de Nadal, truca a la nostra porta demanant recer. Cal tapar-lo amb una manta perqu\u00e8 no passi fred i donar-li menjar fins al 24, moment en qu\u00e8 li toca expulsar llaminadures i regals, com a mostra d&#8217;agra\u00efment.<\/p>\n<p><img decoding=\"async\" loading=\"lazy\" class=\"wp-image-4140 aligncenter\" src=\"https:\/\/hotelarreyalella.com\/wp-content\/uploads\/2022\/12\/tio-de-nadal-hotel-arrey-alella-tradicions-catalanes-300x225.jpg\" alt=\"\" width=\"447\" height=\"335\" srcset=\"https:\/\/hotelarreyalella.com\/wp-content\/uploads\/2022\/12\/tio-de-nadal-hotel-arrey-alella-tradicions-catalanes-300x225.jpg 300w, https:\/\/hotelarreyalella.com\/wp-content\/uploads\/2022\/12\/tio-de-nadal-hotel-arrey-alella-tradicions-catalanes-1024x768.jpg 1024w, https:\/\/hotelarreyalella.com\/wp-content\/uploads\/2022\/12\/tio-de-nadal-hotel-arrey-alella-tradicions-catalanes-768x576.jpg 768w, https:\/\/hotelarreyalella.com\/wp-content\/uploads\/2022\/12\/tio-de-nadal-hotel-arrey-alella-tradicions-catalanes-800x600.jpg 800w, https:\/\/hotelarreyalella.com\/wp-content\/uploads\/2022\/12\/tio-de-nadal-hotel-arrey-alella-tradicions-catalanes-700x525.jpg 700w, https:\/\/hotelarreyalella.com\/wp-content\/uploads\/2022\/12\/tio-de-nadal-hotel-arrey-alella-tradicions-catalanes.jpg 1200w\" sizes=\"(max-width: 447px) 100vw, 447px\" \/><\/p>\n<ol start=\"4\">\n<li><strong>Flors de Nadal<\/strong><\/li>\n<\/ol>\n<p>\u00c9s s\u00edmbol de puresa i nous projectes per al proper. T\u00e9 una cura especial, ja que cal vigilar que estigui en un lloc molt il\u00b7luminat ia una temperatura ambient entre 20\u00ba i 22\u00ba.<\/p>\n<p><img decoding=\"async\" loading=\"lazy\" class=\"wp-image-4144 aligncenter\" src=\"https:\/\/hotelarreyalella.com\/wp-content\/uploads\/2022\/12\/6-300x225.jpg\" alt=\"\" width=\"448\" height=\"336\" srcset=\"https:\/\/hotelarreyalella.com\/wp-content\/uploads\/2022\/12\/6-300x225.jpg 300w, https:\/\/hotelarreyalella.com\/wp-content\/uploads\/2022\/12\/6-1024x768.jpg 1024w, https:\/\/hotelarreyalella.com\/wp-content\/uploads\/2022\/12\/6-768x576.jpg 768w, https:\/\/hotelarreyalella.com\/wp-content\/uploads\/2022\/12\/6-1536x1152.jpg 1536w, https:\/\/hotelarreyalella.com\/wp-content\/uploads\/2022\/12\/6-800x600.jpg 800w, https:\/\/hotelarreyalella.com\/wp-content\/uploads\/2022\/12\/6-700x525.jpg 700w, https:\/\/hotelarreyalella.com\/wp-content\/uploads\/2022\/12\/6.jpg 1600w\" sizes=\"(max-width: 448px) 100vw, 448px\" \/><\/p>\n<ol start=\"5\">\n<li><b>Nit de Nadal<\/b><\/li>\n<\/ol>\n<p>Un must de totes les celebracions, siguis d&#8217;on siguis. A taula no hi pot faltar ni el torr\u00f3, ni el pollastre rostit, ni el c\u00f2ctel de gambes\u2026 Una nit per delectar l&#8217;est\u00f3mac.<\/p>\n<p>Si hi ha una <strong>tradici\u00f3 de Nadal a Catalunya<\/strong> \u00fanica, per\u00f2 coneguda a tot el m\u00f3n, \u00e9s fer <strong>cagar el Ti\u00f3 de Nadal<\/strong>. I \u00e9s que fer cagar el <strong>Ti\u00f3 de Nadal<\/strong> \u00e9s una tradici\u00f3 catalana amb un fort significat en l&#8217;\u00e0mbit cultural, on se celebra pr\u00e0cticament a totes les llars catalanes la nit de Nadal o el dia de Nadal.<\/p>\n<p><img decoding=\"async\" loading=\"lazy\" class=\"wp-image-4148 aligncenter\" src=\"https:\/\/hotelarreyalella.com\/wp-content\/uploads\/2022\/12\/nochebuena-cena-hotel-arrey-alella-300x200.jpg\" alt=\"\" width=\"446\" height=\"298\" srcset=\"https:\/\/hotelarreyalella.com\/wp-content\/uploads\/2022\/12\/nochebuena-cena-hotel-arrey-alella-300x200.jpg 300w, https:\/\/hotelarreyalella.com\/wp-content\/uploads\/2022\/12\/nochebuena-cena-hotel-arrey-alella-1024x683.jpg 1024w, https:\/\/hotelarreyalella.com\/wp-content\/uploads\/2022\/12\/nochebuena-cena-hotel-arrey-alella-768x512.jpg 768w, https:\/\/hotelarreyalella.com\/wp-content\/uploads\/2022\/12\/nochebuena-cena-hotel-arrey-alella-1536x1024.jpg 1536w, https:\/\/hotelarreyalella.com\/wp-content\/uploads\/2022\/12\/nochebuena-cena-hotel-arrey-alella-2048x1365.jpg 2048w, https:\/\/hotelarreyalella.com\/wp-content\/uploads\/2022\/12\/nochebuena-cena-hotel-arrey-alella-700x467.jpg 700w\" sizes=\"(max-width: 446px) 100vw, 446px\" \/><\/p>\n<ol start=\"6\">\n<li><strong>Dia de Nadal<\/strong><\/li>\n<\/ol>\n<p>El 25 de desembre se celebra a gran part del m\u00f3n. La majoria de persones solen reunir-se amb les fam\u00edlies o amics.<\/p>\n<p>La tradici\u00f3 d&#8217;aquest dia \u00e9s celebrar un gran \u00e0pat familiar, amb pica-pica, escudella i carn d&#8217;olla, pollastre farcit, cava, torrons, neules i fruita seca. Un \u00e0pat que sol allargar-se, i on els m\u00e9s petits de la casa, solen recitar poemes de Nadal.<\/p>\n<p><img decoding=\"async\" loading=\"lazy\" class=\"wp-image-4168 aligncenter\" src=\"https:\/\/hotelarreyalella.com\/wp-content\/uploads\/2022\/12\/nadal-hotel-arrey-alella-300x225.jpg\" alt=\"\" width=\"465\" height=\"349\" srcset=\"https:\/\/hotelarreyalella.com\/wp-content\/uploads\/2022\/12\/nadal-hotel-arrey-alella-300x225.jpg 300w, https:\/\/hotelarreyalella.com\/wp-content\/uploads\/2022\/12\/nadal-hotel-arrey-alella-1024x768.jpg 1024w, https:\/\/hotelarreyalella.com\/wp-content\/uploads\/2022\/12\/nadal-hotel-arrey-alella-768x576.jpg 768w, https:\/\/hotelarreyalella.com\/wp-content\/uploads\/2022\/12\/nadal-hotel-arrey-alella-1536x1152.jpg 1536w, https:\/\/hotelarreyalella.com\/wp-content\/uploads\/2022\/12\/nadal-hotel-arrey-alella-800x600.jpg 800w, https:\/\/hotelarreyalella.com\/wp-content\/uploads\/2022\/12\/nadal-hotel-arrey-alella-700x525.jpg 700w, https:\/\/hotelarreyalella.com\/wp-content\/uploads\/2022\/12\/nadal-hotel-arrey-alella.jpg 1960w\" sizes=\"(max-width: 465px) 100vw, 465px\" \/><\/p>\n<ol start=\"7\">\n<li><strong>El dia de Sant Esteve<\/strong><\/li>\n<\/ol>\n<p>Per si amb el dia del dinar de Nadal no n&#8217;hi ha prou, arriba l&#8217;endem\u00e0: Sant Esteve! Molta gent sol reunir-se amb la resta d&#8217;amics o fam\u00edlia que potser el dia de Nadal no va poder veure. El plat estrella del <strong>dia de Sant Esteve<\/strong> s\u00f3n els <strong>canelons<\/strong>, amb les restes del pollastre que va sobrar el dia de Nadal. Per llepar-se els dits!<\/p>\n<p><img decoding=\"async\" loading=\"lazy\" class=\"wp-image-4164 aligncenter\" src=\"https:\/\/hotelarreyalella.com\/wp-content\/uploads\/2022\/12\/navidad-comida-barcelona-hotel-arrey-alella-300x169.webp\" alt=\"\" width=\"483\" height=\"272\" srcset=\"https:\/\/hotelarreyalella.com\/wp-content\/uploads\/2022\/12\/navidad-comida-barcelona-hotel-arrey-alella-300x169.webp 300w, https:\/\/hotelarreyalella.com\/wp-content\/uploads\/2022\/12\/navidad-comida-barcelona-hotel-arrey-alella-1024x576.webp 1024w, https:\/\/hotelarreyalella.com\/wp-content\/uploads\/2022\/12\/navidad-comida-barcelona-hotel-arrey-alella-768x432.webp 768w, https:\/\/hotelarreyalella.com\/wp-content\/uploads\/2022\/12\/navidad-comida-barcelona-hotel-arrey-alella-1536x864.webp 1536w, https:\/\/hotelarreyalella.com\/wp-content\/uploads\/2022\/12\/navidad-comida-barcelona-hotel-arrey-alella-2048x1152.webp 2048w, https:\/\/hotelarreyalella.com\/wp-content\/uploads\/2022\/12\/navidad-comida-barcelona-hotel-arrey-alella-700x394.webp 700w, https:\/\/hotelarreyalella.com\/wp-content\/uploads\/2022\/12\/navidad-comida-barcelona-hotel-arrey-alella-539x303.webp 539w\" sizes=\"(max-width: 483px) 100vw, 483px\" \/><\/p>\n<ol start=\"8\">\n<li><strong>Feli\u00e7 any nou!<\/strong><\/li>\n<\/ol>\n<p>El dia 31 de desembre a la nit se celebra el Cap d&#8217;Any \u2013 com a tot el m\u00f3n! -. Una festivitat que se sol celebrar amb un bon sopar. Una celebraci\u00f3 que&#8230; despr\u00e9s de les 12 campanades es tanca amb un brindis i un bon ball!<\/p>\n<p><a href=\"https:\/\/hotelarreyalella.com\/promociones\/paquete-fin-de-ano\/\"><strong>Sopar de Fi d&#8217;Any a Barcelona amb habitaci\u00f3 inclosa<\/strong><\/a> a l&#8217;<strong>Hotel Arrey Alella<\/strong>.<\/p>\n<p>Per\u00f2 per si no n&#8217;hi ha hagut prou, l&#8217;endem\u00e0, l&#8217;1 de gener, se celebra l&#8217;<strong>Any Nou<\/strong> amb un dia festiu, amb un dinar acompanyat d&#8217;aquelles persones m\u00e9s properes. Un dia ideal per plantejar-se els prop\u00f2sits per a aquest any.<\/p>\n<p><img decoding=\"async\" loading=\"lazy\" class=\"wp-image-4156 aligncenter\" src=\"https:\/\/hotelarreyalella.com\/wp-content\/uploads\/2022\/12\/cena-fin-de-an\u0303o-barcelona-alella-300x200.jpg\" alt=\"\" width=\"500\" height=\"333\" srcset=\"https:\/\/hotelarreyalella.com\/wp-content\/uploads\/2022\/12\/cena-fin-de-an\u0303o-barcelona-alella-300x200.jpg 300w, https:\/\/hotelarreyalella.com\/wp-content\/uploads\/2022\/12\/cena-fin-de-an\u0303o-barcelona-alella-1024x683.jpg 1024w, https:\/\/hotelarreyalella.com\/wp-content\/uploads\/2022\/12\/cena-fin-de-an\u0303o-barcelona-alella-768x512.jpg 768w, https:\/\/hotelarreyalella.com\/wp-content\/uploads\/2022\/12\/cena-fin-de-an\u0303o-barcelona-alella-1536x1024.jpg 1536w, https:\/\/hotelarreyalella.com\/wp-content\/uploads\/2022\/12\/cena-fin-de-an\u0303o-barcelona-alella-2048x1365.jpg 2048w, https:\/\/hotelarreyalella.com\/wp-content\/uploads\/2022\/12\/cena-fin-de-an\u0303o-barcelona-alella-700x467.jpg 700w\" sizes=\"(max-width: 500px) 100vw, 500px\" \/><\/p>\n<ol start=\"9\">\n<li><strong>Arriben els Reis Mags d&#8217;Orient (5 de gener)<\/strong><\/li>\n<\/ol>\n<p>Si hi ha una nit m\u00e0gica per als m\u00e9s petits, \u00e9s la nit del 5 de gener. I \u00e9s que aquell dia a tots els pobles i ciutats de Catalunya arriben els Reis Mags amb els patges, passejant-se amb les carrosses pels carrers del centre de cada vila. Els m\u00e9s petits aprofiten per donar la carta als Reis amb tots els seus desitjos de regals, si \u00e9s que no han donat abans algun patge!<\/p>\n<p>Es diu, que els Reis Mags entren de matinar a casa teva per deixar-te uns regals\u2026 Sempre que els hagis deixat unes galetes i un got de llet per agafar forces!<\/p>\n<p><img decoding=\"async\" loading=\"lazy\" class=\"wp-image-4160 aligncenter\" src=\"https:\/\/hotelarreyalella.com\/wp-content\/uploads\/2022\/12\/5ff4a56d445fa-300x201.jpg\" alt=\"\" width=\"498\" height=\"334\" srcset=\"https:\/\/hotelarreyalella.com\/wp-content\/uploads\/2022\/12\/5ff4a56d445fa-300x201.jpg 300w, https:\/\/hotelarreyalella.com\/wp-content\/uploads\/2022\/12\/5ff4a56d445fa-1024x687.jpg 1024w, https:\/\/hotelarreyalella.com\/wp-content\/uploads\/2022\/12\/5ff4a56d445fa-768x515.jpg 768w, https:\/\/hotelarreyalella.com\/wp-content\/uploads\/2022\/12\/5ff4a56d445fa-1536x1030.jpg 1536w, https:\/\/hotelarreyalella.com\/wp-content\/uploads\/2022\/12\/5ff4a56d445fa-2048x1373.jpg 2048w, https:\/\/hotelarreyalella.com\/wp-content\/uploads\/2022\/12\/5ff4a56d445fa-700x469.jpg 700w\" sizes=\"(max-width: 498px) 100vw, 498px\" \/><\/p>\n<ol start=\"10\">\n<li><strong>El dia de Reis<\/strong><\/li>\n<\/ol>\n<p>Si hi ha un mat\u00ed que \u00e9s f\u00e0cil treure qualsevol nen o nena del llit, \u00e9s el dia de Reis. Amb molts nervis, es desperten r\u00e0pidament per obrir els regals que els han deixat els Reis d&#8217;Orient sota l&#8217;arbre de Nadal.<\/p>\n<p>El dia s&#8217;acaba celebrant amb un esmorzar familiar, on el m\u00e9s important i estrella s\u00f3n les postres: El tortell de Reis, el qual porta per sorpresa a un rei. A qui li toca el tall amb la figura del rei&#8230; Li tocar\u00e0 pagar el tortell!<\/p>\n<p><em><img decoding=\"async\" loading=\"lazy\" class=\"wp-image-4152 aligncenter\" src=\"https:\/\/hotelarreyalella.com\/wp-content\/uploads\/2022\/12\/roscon-reyes-hotel-arrey-alella-300x169.jpg\" alt=\"\" width=\"496\" height=\"279\" srcset=\"https:\/\/hotelarreyalella.com\/wp-content\/uploads\/2022\/12\/roscon-reyes-hotel-arrey-alella-300x169.jpg 300w, https:\/\/hotelarreyalella.com\/wp-content\/uploads\/2022\/12\/roscon-reyes-hotel-arrey-alella-1024x576.jpg 1024w, https:\/\/hotelarreyalella.com\/wp-content\/uploads\/2022\/12\/roscon-reyes-hotel-arrey-alella-768x432.jpg 768w, https:\/\/hotelarreyalella.com\/wp-content\/uploads\/2022\/12\/roscon-reyes-hotel-arrey-alella-1536x864.jpg 1536w, https:\/\/hotelarreyalella.com\/wp-content\/uploads\/2022\/12\/roscon-reyes-hotel-arrey-alella-2048x1152.jpg 2048w, https:\/\/hotelarreyalella.com\/wp-content\/uploads\/2022\/12\/roscon-reyes-hotel-arrey-alella-700x394.jpg 700w, https:\/\/hotelarreyalella.com\/wp-content\/uploads\/2022\/12\/roscon-reyes-hotel-arrey-alella-539x303.jpg 539w\" sizes=\"(max-width: 496px) 100vw, 496px\" \/><\/em><\/p>\n<p><em>Coneixes m\u00e9s<strong> tradicions catalanes<\/strong> que se celebrin per <strong>Nadal<\/strong>?<\/em><\/p>\n","protected":false},"excerpt":{"rendered":"<p>Cada regi\u00f3 o pa\u00eds t\u00e9 els seus costums que ho fan diferent, especial i \u00fanic. Nadal, malgrat tenir un fort aspecte religi\u00f3s, es comparteixen moltes tradicions a diferents pa\u00efsos del m\u00f3n. La manera de celebrar-ho o com ha anat progressant al llarg dels anys, fa&#8230;<\/p>\n","protected":false},"author":3,"featured_media":4128,"comment_status":"open","ping_status":"closed","sticky":false,"template":"","format":"standard","meta":[],"categories":[3],"tags":[],"_links":{"self":[{"href":"https:\/\/hotelarreyalella.com\/ca\/wp-json\/wp\/v2\/posts\/4173"}],"collection":[{"href":"https:\/\/hotelarreyalella.com\/ca\/wp-json\/wp\/v2\/posts"}],"about":[{"href":"https:\/\/hotelarreyalella.com\/ca\/wp-json\/wp\/v2\/types\/post"}],"author":[{"embeddable":true,"href":"https:\/\/hotelarreyalella.com\/ca\/wp-json\/wp\/v2\/users\/3"}],"replies":[{"embeddable":true,"href":"https:\/\/hotelarreyalella.com\/ca\/wp-json\/wp\/v2\/comments?post=4173"}],"version-history":[{"count":3,"href":"https:\/\/hotelarreyalella.com\/ca\/wp-json\/wp\/v2\/posts\/4173\/revisions"}],"predecessor-version":[{"id":4176,"href":"https:\/\/hotelarreyalella.com\/ca\/wp-json\/wp\/v2\/posts\/4173\/revisions\/4176"}],"wp:featuredmedia":[{"embeddable":true,"href":"https:\/\/hotelarreyalella.com\/ca\/wp-json\/wp\/v2\/media\/4128"}],"wp:attachment":[{"href":"https:\/\/hotelarreyalella.com\/ca\/wp-json\/wp\/v2\/media?parent=4173"}],"wp:term":[{"taxonomy":"category","embeddable":true,"href":"https:\/\/hotelarreyalella.com\/ca\/wp-json\/wp\/v2\/categories?post=4173"},{"taxonomy":"post_tag","embeddable":true,"href":"https:\/\/hotelarreyalella.com\/ca\/wp-json\/wp\/v2\/tags?post=4173"}],"curies":[{"name":"wp","href":"https:\/\/api.w.org\/{rel}","templated":true}]}}