{"id":375,"date":"2020-07-03T08:11:41","date_gmt":"2020-07-03T08:11:41","guid":{"rendered":"https:\/\/hotelarreyalella.com\/?p=375"},"modified":"2021-11-17T12:39:44","modified_gmt":"2021-11-17T12:39:44","slug":"estrenem-nova-web","status":"publish","type":"post","link":"https:\/\/hotelarreyalella.com\/ca\/estrenem-nova-web\/","title":{"rendered":"Estrenem nova web!"},"content":{"rendered":"<p>[vc_row css_animation=&#8221;&#8221; row_type=&#8221;row&#8221; use_row_as_full_screen_section=&#8221;no&#8221; type=&#8221;full_width&#8221; angled_section=&#8221;no&#8221; text_align=&#8221;left&#8221; background_image_as_pattern=&#8221;without_pattern&#8221;][vc_column][vc_column_text]<\/p>\n<h4>L&#8217;Hotel Arrey Alella renova la seva web per oferir la informaci\u00f3 m\u00e9s actualitzada i de la manera m\u00e9s visual i atractiva possible<\/h4>\n<p>[\/vc_column_text][vc_empty_space height=&#8221;20px&#8221;][vc_column_text]En l&#8217;actualitat, les eines inform\u00e0tiques ens fan m\u00e9s c\u00f2moda la vida, \u00e9s per aix\u00f2 que la p\u00e0gina web de qualsevol empresa s&#8217;ha convertit en un bon aparador dels productes i serveis que ofereix a el m\u00f3n.<\/p>\n<p>Aix\u00ed ho entenem a l&#8217;Hotel Arrey Alella que, des de la inauguraci\u00f3 al juny de l&#8217;any 2016, posem especial cura a l&#8217;manteniment de les nostres instal\u00b7lacions i dels nostres serveis amb el m\u00e9s alt comprom\u00eds en el nivell de qualitat i comoditat.[\/vc_column_text][vc_empty_space][\/vc_column][\/vc_row][vc_row css_animation=&#8221;&#8221; row_type=&#8221;row&#8221; use_row_as_full_screen_section=&#8221;no&#8221; type=&#8221;full_width&#8221; angled_section=&#8221;no&#8221; text_align=&#8221;left&#8221; background_image_as_pattern=&#8221;without_pattern&#8221;][vc_column][vc_column_text]<\/p>\n<h4>Un hotel amb encant prop del mar<\/h4>\n<p>[\/vc_column_text][vc_empty_space height=&#8221;20px&#8221;][vc_column_text]L&#8217;hotel de la cadena Arrey, situat a la localitat d&#8217;Alella, a la comarca del Maresme, se situa en un paratge exclusiu de zona muntanyenca, <strong>a menys de 3 quil\u00f2metres del mar i a uns 30 quil\u00f2metres de la ciutat de Barcelona.<\/strong><\/p>\n<p>\u00c9s una destinaci\u00f3 ideal per als viatgers que busquen un hotel amb encant a Barcelona prop del mar i que a m\u00e9s disposa d&#8217;un magn\u00edfic jard\u00ed amb piscina on descansar o prendre una copa en un entorn de total tranquil\u00b7litat.[\/vc_column_text][vc_empty_space][\/vc_column][\/vc_row][vc_row css_animation=&#8221;&#8221; row_type=&#8221;row&#8221; use_row_as_full_screen_section=&#8221;no&#8221; type=&#8221;full_width&#8221; angled_section=&#8221;no&#8221; text_align=&#8221;left&#8221; background_image_as_pattern=&#8221;without_pattern&#8221;][vc_column][vc_column_text]<\/p>\n<h4>Un desenvolupament web basat en l&#8217;experi\u00e8ncia visual<\/h4>\n<p>[\/vc_column_text][vc_empty_space height=&#8221;20px&#8221;][vc_column_text]La nostra nova web est\u00e0 estructurada en apartats que descriuen totes les estances i zones comunes de l&#8217;hotel (jard\u00ed, terrassa, restaurant, etc.) i els mostra magn\u00edfiques fotografies perqu\u00e8 puguin visualitzar l&#8217;excel\u00b7l\u00e8ncia del nostre establiment.<\/p>\n<p>El restaurant Can Balcells mereix una secci\u00f3 exclusiva en la qual mostrarem imatges de la nostra acollidora sala, d&#8217;algunes elaboracions en cuina i d&#8217;exquisits plats que poden degustar al nostre establiment. En aquest apartat de disposar, de forma permanentment<\/p>\n<p>actualitzada, de la carta i dels diferents men\u00fas que el restaurant els ofereix.<\/p>\n<p>L&#8217;aplicaci\u00f3 de reserves online els facilita d&#8217;una forma molt c\u00f2moda i r\u00e0pida la recerca de les dates per a la reserva de la vostra estada. Tamb\u00e9 disposem d&#8217;un xat online per atendre&#8217;ls instant\u00e0niament de manera remota.<\/p>\n<p>I per fer molt m\u00e9s real la visita virtual a l&#8217;hotel, els estem preparant un v\u00eddeo que properament trobareu a la nostra p\u00e0gina principal. Amb ell podran gaudir de l&#8217;agradable estada que l&#8217;espera a la nostra parella de clients, de les vistes des de la terrassa, de l&#8217;experi\u00e8ncia i, gaireb\u00e9 gaireb\u00e9 podran degustar la copa de vi que ells prenen pl\u00e0cidament al jard\u00ed.<\/p>\n<p>\u00a1No us ho perdeu![\/vc_column_text][vc_empty_space][\/vc_column][\/vc_row][vc_row css_animation=&#8221;&#8221; row_type=&#8221;row&#8221; use_row_as_full_screen_section=&#8221;no&#8221; type=&#8221;full_width&#8221; angled_section=&#8221;no&#8221; text_align=&#8221;left&#8221; background_image_as_pattern=&#8221;without_pattern&#8221;][vc_column][\/vc_column][\/vc_row]<\/p>\n","protected":false},"excerpt":{"rendered":"<p>En l&#8217;actualitat, les eines inform\u00e0tiques ens fan m\u00e9s c\u00f2moda la vida, \u00e9s per aix\u00f2 que la p\u00e0gina web de qualsevol empresa s&#8217;ha convertit en un bon aparador dels productes i serveis que ofereix al m\u00f3n.<\/p>\n","protected":false},"author":3,"featured_media":1976,"comment_status":"open","ping_status":"closed","sticky":false,"template":"","format":"standard","meta":[],"categories":[16],"tags":[],"_links":{"self":[{"href":"https:\/\/hotelarreyalella.com\/ca\/wp-json\/wp\/v2\/posts\/375"}],"collection":[{"href":"https:\/\/hotelarreyalella.com\/ca\/wp-json\/wp\/v2\/posts"}],"about":[{"href":"https:\/\/hotelarreyalella.com\/ca\/wp-json\/wp\/v2\/types\/post"}],"author":[{"embeddable":true,"href":"https:\/\/hotelarreyalella.com\/ca\/wp-json\/wp\/v2\/users\/3"}],"replies":[{"embeddable":true,"href":"https:\/\/hotelarreyalella.com\/ca\/wp-json\/wp\/v2\/comments?post=375"}],"version-history":[{"count":8,"href":"https:\/\/hotelarreyalella.com\/ca\/wp-json\/wp\/v2\/posts\/375\/revisions"}],"predecessor-version":[{"id":378,"href":"https:\/\/hotelarreyalella.com\/ca\/wp-json\/wp\/v2\/posts\/375\/revisions\/378"}],"wp:featuredmedia":[{"embeddable":true,"href":"https:\/\/hotelarreyalella.com\/ca\/wp-json\/wp\/v2\/media\/1976"}],"wp:attachment":[{"href":"https:\/\/hotelarreyalella.com\/ca\/wp-json\/wp\/v2\/media?parent=375"}],"wp:term":[{"taxonomy":"category","embeddable":true,"href":"https:\/\/hotelarreyalella.com\/ca\/wp-json\/wp\/v2\/categories?post=375"},{"taxonomy":"post_tag","embeddable":true,"href":"https:\/\/hotelarreyalella.com\/ca\/wp-json\/wp\/v2\/tags?post=375"}],"curies":[{"name":"wp","href":"https:\/\/api.w.org\/{rel}","templated":true}]}}