{"id":3229,"date":"2022-03-18T11:50:07","date_gmt":"2022-03-18T11:50:07","guid":{"rendered":"https:\/\/hotelarreyalella.com\/?p=3229"},"modified":"2022-03-18T11:50:07","modified_gmt":"2022-03-18T11:50:07","slug":"endinsat-a-la-cultura-del-vi-a-alella","status":"publish","type":"post","link":"https:\/\/hotelarreyalella.com\/ca\/endinsat-a-la-cultura-del-vi-a-alella\/","title":{"rendered":"Endinsa&#8217;t a la cultura del vi a Alella"},"content":{"rendered":"<p>Alella, poblaci\u00f3 ubicada al <strong>Maresme<\/strong> i a prop de la ciutat de Barcelona, \u200b\u200b\u00e9s coneguda per la seva Denominaci\u00f3 d&#8217;Origen a m\u00e9s de ser un lloc inigualable on viure per la seva agradable microclima i la seva qualitat de vida excel\u00b7lent.<\/p>\n<p><strong>La Denominaci\u00f3 d&#8217;Origen Alella (D.O. Alella)<\/strong> produeix excel\u00b7lents vins i \u00e9s \u00e0mpliament coneguda a tot Espanya, aix\u00ed com al mercat internacional. Els vins m\u00e9s caracter\u00edstics i coneguts d\u00b4aquesta zona s\u00f3n els blancs, secs i\/o afruitats.<\/p>\n<p>La varietat de ra\u00efm m\u00e9s t\u00edpic de la D.O Alella s\u00f3n la Garnatxa Blanca i la famosa Pansa Blanca, coneguda tamb\u00e9 per Xarel\u00b7lo.<br \/>\nLa Garnatxa Blanca \u00e9s freq\u00fcentment utilitzada per a l&#8217;elaboraci\u00f3 de vins rosats, frescos i lleugers, barrejat amb Pansa Rosada i Merlot.<br \/>\nEl fam\u00f3s cep Ull de Llebre (Tempranillo), produeix un vi negre afruitat i suau, gr\u00e0cies a la seva llarga exposici\u00f3 al sol, destacant pel seu caracter\u00edstic color rob\u00ed.<\/p>\n<p>Ets un amant del vi? Si la resposta \u00e9s afirmativa, heu de saber que l&#8217;<strong>Hotel Arrey Alella<\/strong> es troba en una<a href=\"https:\/\/hotelarreyalella.com\/ca\/experiencies\/\"> <strong>zona enotur\u00edstica<\/strong><\/a>, on podeu combinar la vostra estada amb <strong>activitats<\/strong> com <strong>La Ruta del Vi D.O. Alella.<\/strong><\/p>\n<p><strong>Selecci\u00f3 dels cellers on produeixen els millors vins catalogats amb la D.O. Alella del Maresme<\/strong><\/p>\n<ul>\n<li><strong>Alta Alella<\/strong><\/li>\n<\/ul>\n<p>Respon al desig del matrimoni Josep Maria Pujol-Busquets i la seva dona, Cristina Guill\u00e9n, d&#8217;elaborar vins i caves ecol\u00f2gics d&#8217;alta gamma dins de la DO Alella i la DO Cava. El Celler Alta Alella es troba al bell mig del <strong>Parc Natural de la Serralada Litoral<\/strong>, amb unes incre\u00efbles vistes al mar Mediterrani i molt a prop de la ciutat de Barcelona.<\/p>\n<p><strong><img decoding=\"async\" loading=\"lazy\" class=\"alignnone  wp-image-3201\" src=\"https:\/\/hotelarreyalella.com\/wp-content\/uploads\/2022\/03\/Finca-Alta-Alella-300x198.jpg\" alt=\"\" width=\"370\" height=\"244\" srcset=\"https:\/\/hotelarreyalella.com\/wp-content\/uploads\/2022\/03\/Finca-Alta-Alella-300x198.jpg 300w, https:\/\/hotelarreyalella.com\/wp-content\/uploads\/2022\/03\/Finca-Alta-Alella-768x508.jpg 768w, https:\/\/hotelarreyalella.com\/wp-content\/uploads\/2022\/03\/Finca-Alta-Alella-700x463.jpg 700w, https:\/\/hotelarreyalella.com\/wp-content\/uploads\/2022\/03\/Finca-Alta-Alella.jpg 992w\" sizes=\"(max-width: 370px) 100vw, 370px\" \/><\/strong><\/p>\n<ul>\n<li><strong>Bouquet d\u2019Alella<\/strong><\/li>\n<\/ul>\n<p>Entra les vinyes, hi ha el Celler de Bouquet Alella, una masia del segle XV. Produeix tota una gamma de vins tranquils, ecol\u00f2gics i de producci\u00f3 limitada, elaborats a partir de les varietats de ra\u00efms aut\u00f2ctons i seguint procediments tradicionals.<br \/>\nLa finca disposa de 13 hect\u00e0rees de vinyes plantades des de fa m\u00e9s de 25 anys i avui cultivades amb t\u00e8cniques ecol\u00f2giques, situades als municipis d&#8217;Alella, Tei\u00e0 i Vilassar de Dalt (DO Alella).<\/p>\n<p><img decoding=\"async\" loading=\"lazy\" class=\"alignnone  wp-image-3240\" src=\"https:\/\/hotelarreyalella.com\/wp-content\/uploads\/2022\/03\/bouquet-alella-final-1-300x252.jpg\" alt=\"\" width=\"371\" height=\"312\" srcset=\"https:\/\/hotelarreyalella.com\/wp-content\/uploads\/2022\/03\/bouquet-alella-final-1-300x252.jpg 300w, https:\/\/hotelarreyalella.com\/wp-content\/uploads\/2022\/03\/bouquet-alella-final-1.jpg 550w\" sizes=\"(max-width: 371px) 100vw, 371px\" \/><\/p>\n<ul>\n<li><strong>Alella Vin\u00edcola<\/strong><\/li>\n<\/ul>\n<p>Aquest Celler modernista familiar de 1906, va ser dissenyat per un deixeble del genial Gaud\u00ed, Jeroni Martorell. Sota la marca MARFIL, Alella Vinicola comercialitza els famosos vins blancs amb DO Alella a tot el m\u00f3n, amb un gran reconeixement internacional. Situada a 15 quil\u00f2metres de la ciutat de Barcelona, \u200b\u200bAlella Vinicola elaboren unes 90.000 ampolles anuals d&#8217;una dotzena de vins i ofereix tamb\u00e9 diverses activitats on descobrir\u00e0s la cultura del vi.<\/p>\n<p><strong><img decoding=\"async\" loading=\"lazy\" class=\"alignnone  wp-image-3209\" src=\"https:\/\/hotelarreyalella.com\/wp-content\/uploads\/2022\/03\/celler-marfil-alella-300x199.jpg\" alt=\"\" width=\"359\" height=\"238\" srcset=\"https:\/\/hotelarreyalella.com\/wp-content\/uploads\/2022\/03\/celler-marfil-alella-300x199.jpg 300w, https:\/\/hotelarreyalella.com\/wp-content\/uploads\/2022\/03\/celler-marfil-alella-768x509.jpg 768w, https:\/\/hotelarreyalella.com\/wp-content\/uploads\/2022\/03\/celler-marfil-alella-700x463.jpg 700w, https:\/\/hotelarreyalella.com\/wp-content\/uploads\/2022\/03\/celler-marfil-alella.jpg 1024w\" sizes=\"(max-width: 359px) 100vw, 359px\" \/><\/strong><\/p>\n<ul>\n<li><strong>Celler Joaquin Batlle<\/strong><\/li>\n<\/ul>\n<p>A <strong>Tiana<\/strong>, a 308 metres d&#8217;altitud, el celler Joaquim Batlle est\u00e0 enterrat al centre d&#8217;una finca de tres hect\u00e0rees d&#8217;extensi\u00f3 orientada al sud-est, amb vinyes plantades a arracades i terrasses de terrenys pedregosos. La producci\u00f3 i l&#8217;elaboraci\u00f3 es desenvolupa al voltant de tres varietats aut\u00f2ctones: Garnatxa, Pansa i Picapoll, totes sota la Denominaci\u00f3 d&#8217;Origen Alella i procedents d&#8217;agricultura ecol\u00f2gica.<\/p>\n<p><img decoding=\"async\" loading=\"lazy\" class=\"alignnone  wp-image-3213\" src=\"https:\/\/hotelarreyalella.com\/wp-content\/uploads\/2022\/03\/joaquimbatlle-300x200.jpg\" alt=\"\" width=\"352\" height=\"234\" srcset=\"https:\/\/hotelarreyalella.com\/wp-content\/uploads\/2022\/03\/joaquimbatlle-300x200.jpg 300w, https:\/\/hotelarreyalella.com\/wp-content\/uploads\/2022\/03\/joaquimbatlle.jpg 512w\" sizes=\"(max-width: 352px) 100vw, 352px\" \/><\/p>\n<ul>\n<li><strong>Celler Ravent\u00f3s d\u2019Alella<\/strong><\/li>\n<\/ul>\n<p>Ubicada al Maresme, entre vinyes velles i boscos de l&#8217;interior de la Serralada Litoral que divideix la D.O. Alella, trobem el Celler Ravent\u00f3s d\u2019Alella. Aquest celler va produir la seva primera anyada el 1981, i des de llavors, ha creat un model de viticultura sostenible.<br \/>\nEl car\u00e0cter innovador, avantguardista i internacional del celler ha donat uns vins en constant evoluci\u00f3, mantenint al m\u00e0xim el respecte pel producte natural i la identitat de la zona.<\/p>\n<p><img decoding=\"async\" loading=\"lazy\" class=\"alignnone  wp-image-3217\" src=\"https:\/\/hotelarreyalella.com\/wp-content\/uploads\/2022\/03\/bodega-raventosalella-2-300x200.jpg\" alt=\"\" width=\"345\" height=\"230\" srcset=\"https:\/\/hotelarreyalella.com\/wp-content\/uploads\/2022\/03\/bodega-raventosalella-2-300x200.jpg 300w, https:\/\/hotelarreyalella.com\/wp-content\/uploads\/2022\/03\/bodega-raventosalella-2.jpg 700w\" sizes=\"(max-width: 345px) 100vw, 345px\" \/><\/p>\n<p>Tast de vins de la Terra de la Pansa Blanca, relaxants passeigs per les vinyes, p\u00edcnics i ioga entre vinyes, sopars sota la lluna plena, cal\u00e7otades, esmorzars de forquilla, tasts offshore, visites a aut\u00e8ntics cellers romans i\/o modernistes, incre\u00efble gastronomia \u2026 I molts plans m\u00e9s!<\/p>\n<p>A l&#8217;Hotel Arrey Alella <a href=\"https:\/\/hotelarreyalella.com\/contacto\/\"><strong>et facilitem tota la informaci\u00f3<\/strong><\/a> i activitats disponibles perqu\u00e8 gaudeixis i espremis al m\u00e0xim la teva <a href=\"https:\/\/hotelarreyalella.com\/ca\/habitacions\/\"><strong>estada a Alella<\/strong><\/a>, un oasi al costat de Barcelona que has de con\u00e8ixer!<\/p>\n<p><img decoding=\"async\" loading=\"lazy\" class=\"alignnone  wp-image-3221\" src=\"https:\/\/hotelarreyalella.com\/wp-content\/uploads\/2022\/03\/mapa-alella-rutes-385x490-1-236x300.png\" alt=\"\" width=\"340\" height=\"432\" srcset=\"https:\/\/hotelarreyalella.com\/wp-content\/uploads\/2022\/03\/mapa-alella-rutes-385x490-1-236x300.png 236w, https:\/\/hotelarreyalella.com\/wp-content\/uploads\/2022\/03\/mapa-alella-rutes-385x490-1.png 385w\" sizes=\"(max-width: 340px) 100vw, 340px\" \/><\/p>\n","protected":false},"excerpt":{"rendered":"<p>Alella, poblaci\u00f3 ubicada al Maresme i a prop de la ciutat de Barcelona, \u200b\u200b\u00e9s coneguda per la seva Denominaci\u00f3 d&#8217;Origen a m\u00e9s de ser un lloc inigualable on viure per la seva agradable microclima i la seva qualitat de vida excel\u00b7lent. La Denominaci\u00f3 d&#8217;Origen Alella&#8230;<\/p>\n","protected":false},"author":3,"featured_media":3225,"comment_status":"open","ping_status":"closed","sticky":false,"template":"","format":"standard","meta":[],"categories":[3],"tags":[],"_links":{"self":[{"href":"https:\/\/hotelarreyalella.com\/ca\/wp-json\/wp\/v2\/posts\/3229"}],"collection":[{"href":"https:\/\/hotelarreyalella.com\/ca\/wp-json\/wp\/v2\/posts"}],"about":[{"href":"https:\/\/hotelarreyalella.com\/ca\/wp-json\/wp\/v2\/types\/post"}],"author":[{"embeddable":true,"href":"https:\/\/hotelarreyalella.com\/ca\/wp-json\/wp\/v2\/users\/3"}],"replies":[{"embeddable":true,"href":"https:\/\/hotelarreyalella.com\/ca\/wp-json\/wp\/v2\/comments?post=3229"}],"version-history":[{"count":2,"href":"https:\/\/hotelarreyalella.com\/ca\/wp-json\/wp\/v2\/posts\/3229\/revisions"}],"predecessor-version":[{"id":3244,"href":"https:\/\/hotelarreyalella.com\/ca\/wp-json\/wp\/v2\/posts\/3229\/revisions\/3244"}],"wp:featuredmedia":[{"embeddable":true,"href":"https:\/\/hotelarreyalella.com\/ca\/wp-json\/wp\/v2\/media\/3225"}],"wp:attachment":[{"href":"https:\/\/hotelarreyalella.com\/ca\/wp-json\/wp\/v2\/media?parent=3229"}],"wp:term":[{"taxonomy":"category","embeddable":true,"href":"https:\/\/hotelarreyalella.com\/ca\/wp-json\/wp\/v2\/categories?post=3229"},{"taxonomy":"post_tag","embeddable":true,"href":"https:\/\/hotelarreyalella.com\/ca\/wp-json\/wp\/v2\/tags?post=3229"}],"curies":[{"name":"wp","href":"https:\/\/api.w.org\/{rel}","templated":true}]}}